{"id":3404,"date":"2021-12-12T12:00:32","date_gmt":"2021-12-12T12:00:32","guid":{"rendered":"http:\/\/localhost\/web\/?p=3404"},"modified":"2025-12-17T16:38:37","modified_gmt":"2025-12-17T16:38:37","slug":"menus-fur-heiligabend-und-silvester","status":"publish","type":"post","link":"https:\/\/www.tascatierrasdelsur.com\/de\/menus-fur-heiligabend-und-silvester\/","title":{"rendered":"Men\u00fcs f\u00fcr Heiligabend und Silvester"},"content":{"rendered":"<p style=\"text-align: center;\">Geniessen Sie unsere speziellen Men\u00fcs f\u00fcr Heiligabend und Silvester in gem\u00fctlicher und entspannter Atmosph\u00e4re. Nur mit Reservierung<\/p>\n<p style=\"text-align: center;\"><img loading=\"lazy\" decoding=\"async\" class=\"aligncenter wp-image-141500 size-full\" src=\"https:\/\/www.tascatierrasdelsur.com\/wp-content\/uploads\/2025\/12\/menu-de-25-e1765989504790.jpeg\" alt=\"\" width=\"500\" height=\"707\" \/><\/p>\n<p style=\"text-align: center;\">\n<p style=\"text-align: center;\">\n","protected":false},"excerpt":{"rendered":"<p>Geniessen Sie unsere speziellen Men\u00fcs f\u00fcr Heiligabend und Silvester in gem\u00fctlicher und entspannter Atmosph\u00e4re. Nur mit Reservierung<\/p>\n","protected":false},"author":1,"featured_media":19548,"comment_status":"open","ping_status":"open","sticky":false,"template":"","format":"standard","meta":{"footnotes":""},"categories":[2],"tags":[],"yoast_head":"<!-- This site is optimized with the Yoast SEO plugin v23.5 - https:\/\/yoast.com\/wordpress\/plugins\/seo\/ -->\n<title>Men\u00fcs f\u00fcr Heiligabend und Silvester - Tasca Tierras del Sur<\/title>\n<meta name=\"robots\" content=\"index, follow, max-snippet:-1, max-image-preview:large, max-video-preview:-1\" \/>\n<link rel=\"canonical\" href=\"https:\/\/www.tascatierrasdelsur.com\/de\/menus-fur-heiligabend-und-silvester\/\" \/>\n<meta property=\"og:locale\" content=\"de_DE\" \/>\n<meta property=\"og:type\" content=\"article\" \/>\n<meta property=\"og:title\" content=\"Men\u00fcs f\u00fcr Heiligabend und Silvester - Tasca Tierras del Sur\" \/>\n<meta property=\"og:description\" content=\"Geniessen Sie unsere speziellen Men\u00fcs f\u00fcr Heiligabend und Silvester in gem\u00fctlicher und entspannter Atmosph\u00e4re. Nur mit Reservierung\" \/>\n<meta property=\"og:url\" content=\"https:\/\/www.tascatierrasdelsur.com\/de\/menus-fur-heiligabend-und-silvester\/\" \/>\n<meta property=\"og:site_name\" content=\"Tasca Tierras del Sur\" \/>\n<meta property=\"article:publisher\" content=\"https:\/\/www.facebook.com\/tascatierrasdelsur\" \/>\n<meta property=\"article:published_time\" content=\"2021-12-12T12:00:32+00:00\" \/>\n<meta property=\"article:modified_time\" content=\"2025-12-17T16:38:37+00:00\" \/>\n<meta property=\"og:image\" content=\"https:\/\/www.tascatierrasdelsur.com\/wp-content\/uploads\/2019\/11\/FONDO.jpg\" \/>\n\t<meta property=\"og:image:width\" content=\"1754\" \/>\n\t<meta property=\"og:image:height\" content=\"1240\" \/>\n\t<meta property=\"og:image:type\" content=\"image\/jpeg\" \/>\n<meta name=\"author\" content=\"Tierras del Sur\" \/>\n<meta name=\"twitter:card\" content=\"summary_large_image\" \/>\n<meta name=\"twitter:label1\" content=\"Written by\" \/>\n\t<meta name=\"twitter:data1\" content=\"Tierras del Sur\" \/>\n\t<meta name=\"twitter:label2\" content=\"Est. reading time\" \/>\n\t<meta name=\"twitter:data2\" content=\"1 minute\" \/>\n<script type=\"application\/ld+json\" class=\"yoast-schema-graph\">{\"@context\":\"https:\/\/schema.org\",\"@graph\":[{\"@type\":\"Article\",\"@id\":\"https:\/\/www.tascatierrasdelsur.com\/de\/menus-fur-heiligabend-und-silvester\/#article\",\"isPartOf\":{\"@id\":\"https:\/\/www.tascatierrasdelsur.com\/de\/menus-fur-heiligabend-und-silvester\/\"},\"author\":{\"name\":\"Tierras del Sur\",\"@id\":\"https:\/\/www.tascatierrasdelsur.com\/de\/#\/schema\/person\/5e8754440162bdbc74f577b6c9b37e92\"},\"headline\":\"Men\u00fcs f\u00fcr Heiligabend und Silvester\",\"datePublished\":\"2021-12-12T12:00:32+00:00\",\"dateModified\":\"2025-12-17T16:38:37+00:00\",\"mainEntityOfPage\":{\"@id\":\"https:\/\/www.tascatierrasdelsur.com\/de\/menus-fur-heiligabend-und-silvester\/\"},\"wordCount\":28,\"commentCount\":0,\"publisher\":{\"@id\":\"https:\/\/www.tascatierrasdelsur.com\/de\/#organization\"},\"image\":{\"@id\":\"https:\/\/www.tascatierrasdelsur.com\/de\/menus-fur-heiligabend-und-silvester\/#primaryimage\"},\"thumbnailUrl\":\"https:\/\/www.tascatierrasdelsur.com\/wp-content\/uploads\/2019\/11\/FONDO.jpg\",\"articleSection\":[\"Unkategorisiert\"],\"inLanguage\":\"de-DE\",\"potentialAction\":[{\"@type\":\"CommentAction\",\"name\":\"Comment\",\"target\":[\"https:\/\/www.tascatierrasdelsur.com\/de\/menus-fur-heiligabend-und-silvester\/#respond\"]}]},{\"@type\":\"WebPage\",\"@id\":\"https:\/\/www.tascatierrasdelsur.com\/de\/menus-fur-heiligabend-und-silvester\/\",\"url\":\"https:\/\/www.tascatierrasdelsur.com\/de\/menus-fur-heiligabend-und-silvester\/\",\"name\":\"Men\u00fcs f\u00fcr Heiligabend und Silvester - Tasca Tierras del Sur\",\"isPartOf\":{\"@id\":\"https:\/\/www.tascatierrasdelsur.com\/de\/#website\"},\"primaryImageOfPage\":{\"@id\":\"https:\/\/www.tascatierrasdelsur.com\/de\/menus-fur-heiligabend-und-silvester\/#primaryimage\"},\"image\":{\"@id\":\"https:\/\/www.tascatierrasdelsur.com\/de\/menus-fur-heiligabend-und-silvester\/#primaryimage\"},\"thumbnailUrl\":\"https:\/\/www.tascatierrasdelsur.com\/wp-content\/uploads\/2019\/11\/FONDO.jpg\",\"datePublished\":\"2021-12-12T12:00:32+00:00\",\"dateModified\":\"2025-12-17T16:38:37+00:00\",\"breadcrumb\":{\"@id\":\"https:\/\/www.tascatierrasdelsur.com\/de\/menus-fur-heiligabend-und-silvester\/#breadcrumb\"},\"inLanguage\":\"de-DE\",\"potentialAction\":[{\"@type\":\"ReadAction\",\"target\":[\"https:\/\/www.tascatierrasdelsur.com\/de\/menus-fur-heiligabend-und-silvester\/\"]}]},{\"@type\":\"ImageObject\",\"inLanguage\":\"de-DE\",\"@id\":\"https:\/\/www.tascatierrasdelsur.com\/de\/menus-fur-heiligabend-und-silvester\/#primaryimage\",\"url\":\"https:\/\/www.tascatierrasdelsur.com\/wp-content\/uploads\/2019\/11\/FONDO.jpg\",\"contentUrl\":\"https:\/\/www.tascatierrasdelsur.com\/wp-content\/uploads\/2019\/11\/FONDO.jpg\",\"width\":1754,\"height\":1240},{\"@type\":\"BreadcrumbList\",\"@id\":\"https:\/\/www.tascatierrasdelsur.com\/de\/menus-fur-heiligabend-und-silvester\/#breadcrumb\",\"itemListElement\":[{\"@type\":\"ListItem\",\"position\":1,\"name\":\"Portada\",\"item\":\"https:\/\/www.tascatierrasdelsur.com\/de\/\"},{\"@type\":\"ListItem\",\"position\":2,\"name\":\"Men\u00fcs f\u00fcr Heiligabend und Silvester\"}]},{\"@type\":\"WebSite\",\"@id\":\"https:\/\/www.tascatierrasdelsur.com\/de\/#website\",\"url\":\"https:\/\/www.tascatierrasdelsur.com\/de\/\",\"name\":\"Tasca Tierras del Sur\",\"description\":\"Granadilla\",\"publisher\":{\"@id\":\"https:\/\/www.tascatierrasdelsur.com\/de\/#organization\"},\"potentialAction\":[{\"@type\":\"SearchAction\",\"target\":{\"@type\":\"EntryPoint\",\"urlTemplate\":\"https:\/\/www.tascatierrasdelsur.com\/de\/?s={search_term_string}\"},\"query-input\":{\"@type\":\"PropertyValueSpecification\",\"valueRequired\":true,\"valueName\":\"search_term_string\"}}],\"inLanguage\":\"de-DE\"},{\"@type\":\"Organization\",\"@id\":\"https:\/\/www.tascatierrasdelsur.com\/de\/#organization\",\"name\":\"Tasca Tierras Del Sur\",\"url\":\"https:\/\/www.tascatierrasdelsur.com\/de\/\",\"logo\":{\"@type\":\"ImageObject\",\"inLanguage\":\"de-DE\",\"@id\":\"https:\/\/www.tascatierrasdelsur.com\/de\/#\/schema\/logo\/image\/\",\"url\":\"https:\/\/www.tascatierrasdelsur.com\/wp-content\/uploads\/2020\/06\/logo-new4.png\",\"contentUrl\":\"https:\/\/www.tascatierrasdelsur.com\/wp-content\/uploads\/2020\/06\/logo-new4.png\",\"width\":240,\"height\":107,\"caption\":\"Tasca Tierras Del Sur\"},\"image\":{\"@id\":\"https:\/\/www.tascatierrasdelsur.com\/de\/#\/schema\/logo\/image\/\"},\"sameAs\":[\"https:\/\/www.facebook.com\/tascatierrasdelsur\"]},{\"@type\":\"Person\",\"@id\":\"https:\/\/www.tascatierrasdelsur.com\/de\/#\/schema\/person\/5e8754440162bdbc74f577b6c9b37e92\",\"name\":\"Tierras del Sur\",\"image\":{\"@type\":\"ImageObject\",\"inLanguage\":\"de-DE\",\"@id\":\"https:\/\/www.tascatierrasdelsur.com\/de\/#\/schema\/person\/image\/\",\"url\":\"https:\/\/secure.gravatar.com\/avatar\/91193c43e8cc219ad1244e50f0771255?s=96&d=mm&r=g\",\"contentUrl\":\"https:\/\/secure.gravatar.com\/avatar\/91193c43e8cc219ad1244e50f0771255?s=96&d=mm&r=g\",\"caption\":\"Tierras del Sur\"},\"sameAs\":[\"https:\/\/www.juancarloscabrera.es\"]}]}<\/script>\n<!-- \/ Yoast SEO plugin. -->","yoast_head_json":{"title":"Men\u00fcs f\u00fcr Heiligabend und Silvester - Tasca Tierras del Sur","robots":{"index":"index","follow":"follow","max-snippet":"max-snippet:-1","max-image-preview":"max-image-preview:large","max-video-preview":"max-video-preview:-1"},"canonical":"https:\/\/www.tascatierrasdelsur.com\/de\/menus-fur-heiligabend-und-silvester\/","og_locale":"de_DE","og_type":"article","og_title":"Men\u00fcs f\u00fcr Heiligabend und Silvester - Tasca Tierras del Sur","og_description":"Geniessen Sie unsere speziellen Men\u00fcs f\u00fcr Heiligabend und Silvester in gem\u00fctlicher und entspannter Atmosph\u00e4re. Nur mit Reservierung","og_url":"https:\/\/www.tascatierrasdelsur.com\/de\/menus-fur-heiligabend-und-silvester\/","og_site_name":"Tasca Tierras del Sur","article_publisher":"https:\/\/www.facebook.com\/tascatierrasdelsur","article_published_time":"2021-12-12T12:00:32+00:00","article_modified_time":"2025-12-17T16:38:37+00:00","og_image":[{"width":1754,"height":1240,"url":"https:\/\/www.tascatierrasdelsur.com\/wp-content\/uploads\/2019\/11\/FONDO.jpg","type":"image\/jpeg"}],"author":"Tierras del Sur","twitter_card":"summary_large_image","twitter_misc":{"Written by":"Tierras del Sur","Est. reading time":"1 minute"},"schema":{"@context":"https:\/\/schema.org","@graph":[{"@type":"Article","@id":"https:\/\/www.tascatierrasdelsur.com\/de\/menus-fur-heiligabend-und-silvester\/#article","isPartOf":{"@id":"https:\/\/www.tascatierrasdelsur.com\/de\/menus-fur-heiligabend-und-silvester\/"},"author":{"name":"Tierras del Sur","@id":"https:\/\/www.tascatierrasdelsur.com\/de\/#\/schema\/person\/5e8754440162bdbc74f577b6c9b37e92"},"headline":"Men\u00fcs f\u00fcr Heiligabend und Silvester","datePublished":"2021-12-12T12:00:32+00:00","dateModified":"2025-12-17T16:38:37+00:00","mainEntityOfPage":{"@id":"https:\/\/www.tascatierrasdelsur.com\/de\/menus-fur-heiligabend-und-silvester\/"},"wordCount":28,"commentCount":0,"publisher":{"@id":"https:\/\/www.tascatierrasdelsur.com\/de\/#organization"},"image":{"@id":"https:\/\/www.tascatierrasdelsur.com\/de\/menus-fur-heiligabend-und-silvester\/#primaryimage"},"thumbnailUrl":"https:\/\/www.tascatierrasdelsur.com\/wp-content\/uploads\/2019\/11\/FONDO.jpg","articleSection":["Unkategorisiert"],"inLanguage":"de-DE","potentialAction":[{"@type":"CommentAction","name":"Comment","target":["https:\/\/www.tascatierrasdelsur.com\/de\/menus-fur-heiligabend-und-silvester\/#respond"]}]},{"@type":"WebPage","@id":"https:\/\/www.tascatierrasdelsur.com\/de\/menus-fur-heiligabend-und-silvester\/","url":"https:\/\/www.tascatierrasdelsur.com\/de\/menus-fur-heiligabend-und-silvester\/","name":"Men\u00fcs f\u00fcr Heiligabend und Silvester - Tasca Tierras del Sur","isPartOf":{"@id":"https:\/\/www.tascatierrasdelsur.com\/de\/#website"},"primaryImageOfPage":{"@id":"https:\/\/www.tascatierrasdelsur.com\/de\/menus-fur-heiligabend-und-silvester\/#primaryimage"},"image":{"@id":"https:\/\/www.tascatierrasdelsur.com\/de\/menus-fur-heiligabend-und-silvester\/#primaryimage"},"thumbnailUrl":"https:\/\/www.tascatierrasdelsur.com\/wp-content\/uploads\/2019\/11\/FONDO.jpg","datePublished":"2021-12-12T12:00:32+00:00","dateModified":"2025-12-17T16:38:37+00:00","breadcrumb":{"@id":"https:\/\/www.tascatierrasdelsur.com\/de\/menus-fur-heiligabend-und-silvester\/#breadcrumb"},"inLanguage":"de-DE","potentialAction":[{"@type":"ReadAction","target":["https:\/\/www.tascatierrasdelsur.com\/de\/menus-fur-heiligabend-und-silvester\/"]}]},{"@type":"ImageObject","inLanguage":"de-DE","@id":"https:\/\/www.tascatierrasdelsur.com\/de\/menus-fur-heiligabend-und-silvester\/#primaryimage","url":"https:\/\/www.tascatierrasdelsur.com\/wp-content\/uploads\/2019\/11\/FONDO.jpg","contentUrl":"https:\/\/www.tascatierrasdelsur.com\/wp-content\/uploads\/2019\/11\/FONDO.jpg","width":1754,"height":1240},{"@type":"BreadcrumbList","@id":"https:\/\/www.tascatierrasdelsur.com\/de\/menus-fur-heiligabend-und-silvester\/#breadcrumb","itemListElement":[{"@type":"ListItem","position":1,"name":"Portada","item":"https:\/\/www.tascatierrasdelsur.com\/de\/"},{"@type":"ListItem","position":2,"name":"Men\u00fcs f\u00fcr Heiligabend und Silvester"}]},{"@type":"WebSite","@id":"https:\/\/www.tascatierrasdelsur.com\/de\/#website","url":"https:\/\/www.tascatierrasdelsur.com\/de\/","name":"Tasca Tierras del Sur","description":"Granadilla","publisher":{"@id":"https:\/\/www.tascatierrasdelsur.com\/de\/#organization"},"potentialAction":[{"@type":"SearchAction","target":{"@type":"EntryPoint","urlTemplate":"https:\/\/www.tascatierrasdelsur.com\/de\/?s={search_term_string}"},"query-input":{"@type":"PropertyValueSpecification","valueRequired":true,"valueName":"search_term_string"}}],"inLanguage":"de-DE"},{"@type":"Organization","@id":"https:\/\/www.tascatierrasdelsur.com\/de\/#organization","name":"Tasca Tierras Del Sur","url":"https:\/\/www.tascatierrasdelsur.com\/de\/","logo":{"@type":"ImageObject","inLanguage":"de-DE","@id":"https:\/\/www.tascatierrasdelsur.com\/de\/#\/schema\/logo\/image\/","url":"https:\/\/www.tascatierrasdelsur.com\/wp-content\/uploads\/2020\/06\/logo-new4.png","contentUrl":"https:\/\/www.tascatierrasdelsur.com\/wp-content\/uploads\/2020\/06\/logo-new4.png","width":240,"height":107,"caption":"Tasca Tierras Del Sur"},"image":{"@id":"https:\/\/www.tascatierrasdelsur.com\/de\/#\/schema\/logo\/image\/"},"sameAs":["https:\/\/www.facebook.com\/tascatierrasdelsur"]},{"@type":"Person","@id":"https:\/\/www.tascatierrasdelsur.com\/de\/#\/schema\/person\/5e8754440162bdbc74f577b6c9b37e92","name":"Tierras del Sur","image":{"@type":"ImageObject","inLanguage":"de-DE","@id":"https:\/\/www.tascatierrasdelsur.com\/de\/#\/schema\/person\/image\/","url":"https:\/\/secure.gravatar.com\/avatar\/91193c43e8cc219ad1244e50f0771255?s=96&d=mm&r=g","contentUrl":"https:\/\/secure.gravatar.com\/avatar\/91193c43e8cc219ad1244e50f0771255?s=96&d=mm&r=g","caption":"Tierras del Sur"},"sameAs":["https:\/\/www.juancarloscabrera.es"]}]}},"_links":{"self":[{"href":"https:\/\/www.tascatierrasdelsur.com\/de\/wp-json\/wp\/v2\/posts\/3404"}],"collection":[{"href":"https:\/\/www.tascatierrasdelsur.com\/de\/wp-json\/wp\/v2\/posts"}],"about":[{"href":"https:\/\/www.tascatierrasdelsur.com\/de\/wp-json\/wp\/v2\/types\/post"}],"author":[{"embeddable":true,"href":"https:\/\/www.tascatierrasdelsur.com\/de\/wp-json\/wp\/v2\/users\/1"}],"replies":[{"embeddable":true,"href":"https:\/\/www.tascatierrasdelsur.com\/de\/wp-json\/wp\/v2\/comments?post=3404"}],"version-history":[{"count":10,"href":"https:\/\/www.tascatierrasdelsur.com\/de\/wp-json\/wp\/v2\/posts\/3404\/revisions"}],"predecessor-version":[{"id":142131,"href":"https:\/\/www.tascatierrasdelsur.com\/de\/wp-json\/wp\/v2\/posts\/3404\/revisions\/142131"}],"wp:featuredmedia":[{"embeddable":true,"href":"https:\/\/www.tascatierrasdelsur.com\/de\/wp-json\/wp\/v2\/media\/19548"}],"wp:attachment":[{"href":"https:\/\/www.tascatierrasdelsur.com\/de\/wp-json\/wp\/v2\/media?parent=3404"}],"wp:term":[{"taxonomy":"category","embeddable":true,"href":"https:\/\/www.tascatierrasdelsur.com\/de\/wp-json\/wp\/v2\/categories?post=3404"},{"taxonomy":"post_tag","embeddable":true,"href":"https:\/\/www.tascatierrasdelsur.com\/de\/wp-json\/wp\/v2\/tags?post=3404"}],"curies":[{"name":"wp","href":"https:\/\/api.w.org\/{rel}","templated":true}]}}