{"id":3223,"date":"2014-10-23T15:34:48","date_gmt":"2014-10-23T15:34:48","guid":{"rendered":"http:\/\/localhost\/web\/?p=3223"},"modified":"2020-06-28T11:05:54","modified_gmt":"2020-06-28T11:05:54","slug":"ausstellung-abstrakte-malerei","status":"publish","type":"post","link":"https:\/\/www.tascatierrasdelsur.com\/de\/ausstellung-abstrakte-malerei\/","title":{"rendered":"Ausstellung Abstrakte Malerei"},"content":{"rendered":"<p><a href=\"http:\/\/localhost\/web\/wp-content\/uploads\/2014\/10\/cuadro-5_1024x768.jpg\"><img loading=\"lazy\" decoding=\"async\" class=\"alignright wp-image-20082 size-thumbnail\" src=\"http:\/\/www.tascatierrasdelsur.com\/wp-content\/uploads\/2014\/10\/cuadro-2_1024x413-150x150.jpg\" alt=\"\" width=\"150\" height=\"150\" srcset=\"https:\/\/www.tascatierrasdelsur.com\/wp-content\/uploads\/2014\/10\/cuadro-2_1024x413-150x150.jpg 150w, https:\/\/www.tascatierrasdelsur.com\/wp-content\/uploads\/2014\/10\/cuadro-2_1024x413-170x170.jpg 170w\" sizes=\"(max-width: 150px) 100vw, 150px\" \/><\/a><a href=\"http:\/\/localhost\/web\/wp-content\/uploads\/2014\/10\/cuadro-6_1024x743.jpg\"><img loading=\"lazy\" decoding=\"async\" class=\"alignright wp-image-20089 size-thumbnail\" src=\"http:\/\/www.tascatierrasdelsur.com\/wp-content\/uploads\/2014\/10\/cuadro1_576x768-150x150.jpg\" alt=\"\" width=\"150\" height=\"150\" srcset=\"https:\/\/www.tascatierrasdelsur.com\/wp-content\/uploads\/2014\/10\/cuadro1_576x768-150x150.jpg 150w, https:\/\/www.tascatierrasdelsur.com\/wp-content\/uploads\/2014\/10\/cuadro1_576x768-170x170.jpg 170w\" sizes=\"(max-width: 150px) 100vw, 150px\" \/><img loading=\"lazy\" decoding=\"async\" class=\"alignright wp-image-20096 size-thumbnail\" src=\"http:\/\/www.tascatierrasdelsur.com\/wp-content\/uploads\/2014\/10\/cuadro-4_568x768-150x150.jpg\" alt=\"\" width=\"150\" height=\"150\" srcset=\"https:\/\/www.tascatierrasdelsur.com\/wp-content\/uploads\/2014\/10\/cuadro-4_568x768-150x150.jpg 150w, https:\/\/www.tascatierrasdelsur.com\/wp-content\/uploads\/2014\/10\/cuadro-4_568x768-170x170.jpg 170w\" sizes=\"(max-width: 150px) 100vw, 150px\" \/><img loading=\"lazy\" decoding=\"async\" class=\"alignright wp-image-20103 size-thumbnail\" src=\"http:\/\/www.tascatierrasdelsur.com\/wp-content\/uploads\/2014\/10\/cuadro-6_1024x743-150x150.jpg\" alt=\"\" width=\"150\" height=\"150\" srcset=\"https:\/\/www.tascatierrasdelsur.com\/wp-content\/uploads\/2014\/10\/cuadro-6_1024x743-150x150.jpg 150w, https:\/\/www.tascatierrasdelsur.com\/wp-content\/uploads\/2014\/10\/cuadro-6_1024x743-170x170.jpg 170w\" sizes=\"(max-width: 150px) 100vw, 150px\" \/><img loading=\"lazy\" decoding=\"async\" class=\"alignright wp-image-20075 size-thumbnail\" src=\"http:\/\/www.tascatierrasdelsur.com\/wp-content\/uploads\/2014\/10\/cuadro-5_1024x768-150x150.jpg\" alt=\"\" width=\"150\" height=\"150\" srcset=\"https:\/\/www.tascatierrasdelsur.com\/wp-content\/uploads\/2014\/10\/cuadro-5_1024x768-150x150.jpg 150w, https:\/\/www.tascatierrasdelsur.com\/wp-content\/uploads\/2014\/10\/cuadro-5_1024x768-170x170.jpg 170w\" sizes=\"(max-width: 150px) 100vw, 150px\" \/><\/a>Genie\u00dfen Sie eine neue Ausstellung in Tasca Tierras del Sur von Hand des lokalen K\u00fcnstlers Miguel Angel Gonz\u00e1lez Marrero. In dieser Ausstellung dominiert die Abstraktion, wo die Farbe in seinen Kompositionen eine bemerkenswerte Originalit\u00e4t und sehr pers\u00f6nliche \u00e4sthetische Highlights kreiert. Dies gibt dem Betrachter die M\u00f6glichkeit seine eigenen R\u00fcckschl\u00fcsse auf das Gesehene zu ziehen.<\/p>\n","protected":false},"excerpt":{"rendered":"<p>Genie\u00dfen Sie eine neue Ausstellung in Tasca Tierras del Sur von Hand des lokalen K\u00fcnstlers Miguel Angel Gonz\u00e1lez Marrero. In dieser Ausstellung dominiert die Abstraktion, wo die Farbe in seinen Kompositionen eine bemerkenswerte Originalit\u00e4t und sehr pers\u00f6nliche \u00e4sthetische Highlights kreiert. Dies gibt dem Betrachter die M\u00f6glichkeit seine eigenen R\u00fcckschl\u00fcsse auf das Gesehene zu ziehen.<\/p>\n","protected":false},"author":2,"featured_media":20103,"comment_status":"open","ping_status":"open","sticky":false,"template":"","format":"standard","meta":{"footnotes":""},"categories":[2],"tags":[],"yoast_head":"<!-- This site is optimized with the Yoast SEO plugin v23.5 - https:\/\/yoast.com\/wordpress\/plugins\/seo\/ -->\n<title>Ausstellung Abstrakte Malerei - Tasca Tierras del Sur<\/title>\n<meta name=\"description\" content=\"Genie\u00dfen Sie eine neue Ausstellung in Tasca Tierras del Sur von Hand des lokalen K\u00fcnstlers Miguel Angel Gonz\u00e1lez Marrero. In dieser Ausstellung dominiert die Abstraktion\" \/>\n<meta name=\"robots\" content=\"index, follow, max-snippet:-1, max-image-preview:large, max-video-preview:-1\" \/>\n<link rel=\"canonical\" href=\"https:\/\/www.tascatierrasdelsur.com\/de\/ausstellung-abstrakte-malerei\/\" \/>\n<meta property=\"og:locale\" content=\"de_DE\" \/>\n<meta property=\"og:type\" content=\"article\" \/>\n<meta property=\"og:title\" content=\"Ausstellung Abstrakte Malerei - Tasca Tierras del Sur\" \/>\n<meta property=\"og:description\" content=\"Genie\u00dfen Sie eine neue Ausstellung in Tasca Tierras del Sur von Hand des lokalen K\u00fcnstlers Miguel Angel Gonz\u00e1lez Marrero. In dieser Ausstellung dominiert die Abstraktion\" \/>\n<meta property=\"og:url\" content=\"https:\/\/www.tascatierrasdelsur.com\/de\/ausstellung-abstrakte-malerei\/\" \/>\n<meta property=\"og:site_name\" content=\"Tasca Tierras del Sur\" \/>\n<meta property=\"article:publisher\" content=\"https:\/\/www.facebook.com\/tascatierrasdelsur\" \/>\n<meta property=\"article:published_time\" content=\"2014-10-23T15:34:48+00:00\" \/>\n<meta property=\"article:modified_time\" content=\"2020-06-28T11:05:54+00:00\" \/>\n<meta property=\"og:image\" content=\"https:\/\/www.tascatierrasdelsur.com\/wp-content\/uploads\/2014\/10\/cuadro-6_1024x743.jpg\" \/>\n\t<meta property=\"og:image:width\" content=\"1024\" \/>\n\t<meta property=\"og:image:height\" content=\"743\" \/>\n\t<meta property=\"og:image:type\" content=\"image\/jpeg\" \/>\n<meta name=\"author\" content=\"Tierras Del Sur\" \/>\n<meta name=\"twitter:card\" content=\"summary_large_image\" \/>\n<meta name=\"twitter:label1\" content=\"Written by\" \/>\n\t<meta name=\"twitter:data1\" content=\"Tierras Del Sur\" \/>\n<script type=\"application\/ld+json\" class=\"yoast-schema-graph\">{\"@context\":\"https:\/\/schema.org\",\"@graph\":[{\"@type\":\"Article\",\"@id\":\"https:\/\/www.tascatierrasdelsur.com\/de\/ausstellung-abstrakte-malerei\/#article\",\"isPartOf\":{\"@id\":\"https:\/\/www.tascatierrasdelsur.com\/de\/ausstellung-abstrakte-malerei\/\"},\"author\":{\"name\":\"Tierras Del Sur\",\"@id\":\"https:\/\/www.tascatierrasdelsur.com\/de\/#\/schema\/person\/cfe8520648910d6bdbcb54c4bd5e4249\"},\"headline\":\"Ausstellung Abstrakte Malerei\",\"datePublished\":\"2014-10-23T15:34:48+00:00\",\"dateModified\":\"2020-06-28T11:05:54+00:00\",\"mainEntityOfPage\":{\"@id\":\"https:\/\/www.tascatierrasdelsur.com\/de\/ausstellung-abstrakte-malerei\/\"},\"wordCount\":65,\"commentCount\":0,\"publisher\":{\"@id\":\"https:\/\/www.tascatierrasdelsur.com\/de\/#organization\"},\"image\":{\"@id\":\"https:\/\/www.tascatierrasdelsur.com\/de\/ausstellung-abstrakte-malerei\/#primaryimage\"},\"thumbnailUrl\":\"https:\/\/www.tascatierrasdelsur.com\/wp-content\/uploads\/2014\/10\/cuadro-6_1024x743.jpg\",\"articleSection\":[\"Unkategorisiert\"],\"inLanguage\":\"de-DE\",\"potentialAction\":[{\"@type\":\"CommentAction\",\"name\":\"Comment\",\"target\":[\"https:\/\/www.tascatierrasdelsur.com\/de\/ausstellung-abstrakte-malerei\/#respond\"]}]},{\"@type\":\"WebPage\",\"@id\":\"https:\/\/www.tascatierrasdelsur.com\/de\/ausstellung-abstrakte-malerei\/\",\"url\":\"https:\/\/www.tascatierrasdelsur.com\/de\/ausstellung-abstrakte-malerei\/\",\"name\":\"Ausstellung Abstrakte Malerei - Tasca Tierras del Sur\",\"isPartOf\":{\"@id\":\"https:\/\/www.tascatierrasdelsur.com\/de\/#website\"},\"primaryImageOfPage\":{\"@id\":\"https:\/\/www.tascatierrasdelsur.com\/de\/ausstellung-abstrakte-malerei\/#primaryimage\"},\"image\":{\"@id\":\"https:\/\/www.tascatierrasdelsur.com\/de\/ausstellung-abstrakte-malerei\/#primaryimage\"},\"thumbnailUrl\":\"https:\/\/www.tascatierrasdelsur.com\/wp-content\/uploads\/2014\/10\/cuadro-6_1024x743.jpg\",\"datePublished\":\"2014-10-23T15:34:48+00:00\",\"dateModified\":\"2020-06-28T11:05:54+00:00\",\"description\":\"Genie\u00dfen Sie eine neue Ausstellung in Tasca Tierras del Sur von Hand des lokalen K\u00fcnstlers Miguel Angel Gonz\u00e1lez Marrero. In dieser Ausstellung dominiert die Abstraktion\",\"breadcrumb\":{\"@id\":\"https:\/\/www.tascatierrasdelsur.com\/de\/ausstellung-abstrakte-malerei\/#breadcrumb\"},\"inLanguage\":\"de-DE\",\"potentialAction\":[{\"@type\":\"ReadAction\",\"target\":[\"https:\/\/www.tascatierrasdelsur.com\/de\/ausstellung-abstrakte-malerei\/\"]}]},{\"@type\":\"ImageObject\",\"inLanguage\":\"de-DE\",\"@id\":\"https:\/\/www.tascatierrasdelsur.com\/de\/ausstellung-abstrakte-malerei\/#primaryimage\",\"url\":\"https:\/\/www.tascatierrasdelsur.com\/wp-content\/uploads\/2014\/10\/cuadro-6_1024x743.jpg\",\"contentUrl\":\"https:\/\/www.tascatierrasdelsur.com\/wp-content\/uploads\/2014\/10\/cuadro-6_1024x743.jpg\",\"width\":1024,\"height\":743},{\"@type\":\"BreadcrumbList\",\"@id\":\"https:\/\/www.tascatierrasdelsur.com\/de\/ausstellung-abstrakte-malerei\/#breadcrumb\",\"itemListElement\":[{\"@type\":\"ListItem\",\"position\":1,\"name\":\"Portada\",\"item\":\"https:\/\/www.tascatierrasdelsur.com\/de\/\"},{\"@type\":\"ListItem\",\"position\":2,\"name\":\"Ausstellung Abstrakte Malerei\"}]},{\"@type\":\"WebSite\",\"@id\":\"https:\/\/www.tascatierrasdelsur.com\/de\/#website\",\"url\":\"https:\/\/www.tascatierrasdelsur.com\/de\/\",\"name\":\"Tasca Tierras del Sur\",\"description\":\"Granadilla\",\"publisher\":{\"@id\":\"https:\/\/www.tascatierrasdelsur.com\/de\/#organization\"},\"potentialAction\":[{\"@type\":\"SearchAction\",\"target\":{\"@type\":\"EntryPoint\",\"urlTemplate\":\"https:\/\/www.tascatierrasdelsur.com\/de\/?s={search_term_string}\"},\"query-input\":{\"@type\":\"PropertyValueSpecification\",\"valueRequired\":true,\"valueName\":\"search_term_string\"}}],\"inLanguage\":\"de-DE\"},{\"@type\":\"Organization\",\"@id\":\"https:\/\/www.tascatierrasdelsur.com\/de\/#organization\",\"name\":\"Tasca Tierras Del Sur\",\"url\":\"https:\/\/www.tascatierrasdelsur.com\/de\/\",\"logo\":{\"@type\":\"ImageObject\",\"inLanguage\":\"de-DE\",\"@id\":\"https:\/\/www.tascatierrasdelsur.com\/de\/#\/schema\/logo\/image\/\",\"url\":\"https:\/\/www.tascatierrasdelsur.com\/wp-content\/uploads\/2020\/06\/logo-new4.png\",\"contentUrl\":\"https:\/\/www.tascatierrasdelsur.com\/wp-content\/uploads\/2020\/06\/logo-new4.png\",\"width\":240,\"height\":107,\"caption\":\"Tasca Tierras Del Sur\"},\"image\":{\"@id\":\"https:\/\/www.tascatierrasdelsur.com\/de\/#\/schema\/logo\/image\/\"},\"sameAs\":[\"https:\/\/www.facebook.com\/tascatierrasdelsur\"]},{\"@type\":\"Person\",\"@id\":\"https:\/\/www.tascatierrasdelsur.com\/de\/#\/schema\/person\/cfe8520648910d6bdbcb54c4bd5e4249\",\"name\":\"Tierras Del Sur\",\"image\":{\"@type\":\"ImageObject\",\"inLanguage\":\"de-DE\",\"@id\":\"https:\/\/www.tascatierrasdelsur.com\/de\/#\/schema\/person\/image\/\",\"url\":\"https:\/\/secure.gravatar.com\/avatar\/c908edd061f311620bf6f72e1a62c736?s=96&d=mm&r=g\",\"contentUrl\":\"https:\/\/secure.gravatar.com\/avatar\/c908edd061f311620bf6f72e1a62c736?s=96&d=mm&r=g\",\"caption\":\"Tierras Del Sur\"}}]}<\/script>\n<!-- \/ Yoast SEO plugin. -->","yoast_head_json":{"title":"Ausstellung Abstrakte Malerei - Tasca Tierras del Sur","description":"Genie\u00dfen Sie eine neue Ausstellung in Tasca Tierras del Sur von Hand des lokalen K\u00fcnstlers Miguel Angel Gonz\u00e1lez Marrero. In dieser Ausstellung dominiert die Abstraktion","robots":{"index":"index","follow":"follow","max-snippet":"max-snippet:-1","max-image-preview":"max-image-preview:large","max-video-preview":"max-video-preview:-1"},"canonical":"https:\/\/www.tascatierrasdelsur.com\/de\/ausstellung-abstrakte-malerei\/","og_locale":"de_DE","og_type":"article","og_title":"Ausstellung Abstrakte Malerei - Tasca Tierras del Sur","og_description":"Genie\u00dfen Sie eine neue Ausstellung in Tasca Tierras del Sur von Hand des lokalen K\u00fcnstlers Miguel Angel Gonz\u00e1lez Marrero. In dieser Ausstellung dominiert die Abstraktion","og_url":"https:\/\/www.tascatierrasdelsur.com\/de\/ausstellung-abstrakte-malerei\/","og_site_name":"Tasca Tierras del Sur","article_publisher":"https:\/\/www.facebook.com\/tascatierrasdelsur","article_published_time":"2014-10-23T15:34:48+00:00","article_modified_time":"2020-06-28T11:05:54+00:00","og_image":[{"width":1024,"height":743,"url":"https:\/\/www.tascatierrasdelsur.com\/wp-content\/uploads\/2014\/10\/cuadro-6_1024x743.jpg","type":"image\/jpeg"}],"author":"Tierras Del Sur","twitter_card":"summary_large_image","twitter_misc":{"Written by":"Tierras Del Sur"},"schema":{"@context":"https:\/\/schema.org","@graph":[{"@type":"Article","@id":"https:\/\/www.tascatierrasdelsur.com\/de\/ausstellung-abstrakte-malerei\/#article","isPartOf":{"@id":"https:\/\/www.tascatierrasdelsur.com\/de\/ausstellung-abstrakte-malerei\/"},"author":{"name":"Tierras Del Sur","@id":"https:\/\/www.tascatierrasdelsur.com\/de\/#\/schema\/person\/cfe8520648910d6bdbcb54c4bd5e4249"},"headline":"Ausstellung Abstrakte Malerei","datePublished":"2014-10-23T15:34:48+00:00","dateModified":"2020-06-28T11:05:54+00:00","mainEntityOfPage":{"@id":"https:\/\/www.tascatierrasdelsur.com\/de\/ausstellung-abstrakte-malerei\/"},"wordCount":65,"commentCount":0,"publisher":{"@id":"https:\/\/www.tascatierrasdelsur.com\/de\/#organization"},"image":{"@id":"https:\/\/www.tascatierrasdelsur.com\/de\/ausstellung-abstrakte-malerei\/#primaryimage"},"thumbnailUrl":"https:\/\/www.tascatierrasdelsur.com\/wp-content\/uploads\/2014\/10\/cuadro-6_1024x743.jpg","articleSection":["Unkategorisiert"],"inLanguage":"de-DE","potentialAction":[{"@type":"CommentAction","name":"Comment","target":["https:\/\/www.tascatierrasdelsur.com\/de\/ausstellung-abstrakte-malerei\/#respond"]}]},{"@type":"WebPage","@id":"https:\/\/www.tascatierrasdelsur.com\/de\/ausstellung-abstrakte-malerei\/","url":"https:\/\/www.tascatierrasdelsur.com\/de\/ausstellung-abstrakte-malerei\/","name":"Ausstellung Abstrakte Malerei - Tasca Tierras del Sur","isPartOf":{"@id":"https:\/\/www.tascatierrasdelsur.com\/de\/#website"},"primaryImageOfPage":{"@id":"https:\/\/www.tascatierrasdelsur.com\/de\/ausstellung-abstrakte-malerei\/#primaryimage"},"image":{"@id":"https:\/\/www.tascatierrasdelsur.com\/de\/ausstellung-abstrakte-malerei\/#primaryimage"},"thumbnailUrl":"https:\/\/www.tascatierrasdelsur.com\/wp-content\/uploads\/2014\/10\/cuadro-6_1024x743.jpg","datePublished":"2014-10-23T15:34:48+00:00","dateModified":"2020-06-28T11:05:54+00:00","description":"Genie\u00dfen Sie eine neue Ausstellung in Tasca Tierras del Sur von Hand des lokalen K\u00fcnstlers Miguel Angel Gonz\u00e1lez Marrero. In dieser Ausstellung dominiert die Abstraktion","breadcrumb":{"@id":"https:\/\/www.tascatierrasdelsur.com\/de\/ausstellung-abstrakte-malerei\/#breadcrumb"},"inLanguage":"de-DE","potentialAction":[{"@type":"ReadAction","target":["https:\/\/www.tascatierrasdelsur.com\/de\/ausstellung-abstrakte-malerei\/"]}]},{"@type":"ImageObject","inLanguage":"de-DE","@id":"https:\/\/www.tascatierrasdelsur.com\/de\/ausstellung-abstrakte-malerei\/#primaryimage","url":"https:\/\/www.tascatierrasdelsur.com\/wp-content\/uploads\/2014\/10\/cuadro-6_1024x743.jpg","contentUrl":"https:\/\/www.tascatierrasdelsur.com\/wp-content\/uploads\/2014\/10\/cuadro-6_1024x743.jpg","width":1024,"height":743},{"@type":"BreadcrumbList","@id":"https:\/\/www.tascatierrasdelsur.com\/de\/ausstellung-abstrakte-malerei\/#breadcrumb","itemListElement":[{"@type":"ListItem","position":1,"name":"Portada","item":"https:\/\/www.tascatierrasdelsur.com\/de\/"},{"@type":"ListItem","position":2,"name":"Ausstellung Abstrakte Malerei"}]},{"@type":"WebSite","@id":"https:\/\/www.tascatierrasdelsur.com\/de\/#website","url":"https:\/\/www.tascatierrasdelsur.com\/de\/","name":"Tasca Tierras del Sur","description":"Granadilla","publisher":{"@id":"https:\/\/www.tascatierrasdelsur.com\/de\/#organization"},"potentialAction":[{"@type":"SearchAction","target":{"@type":"EntryPoint","urlTemplate":"https:\/\/www.tascatierrasdelsur.com\/de\/?s={search_term_string}"},"query-input":{"@type":"PropertyValueSpecification","valueRequired":true,"valueName":"search_term_string"}}],"inLanguage":"de-DE"},{"@type":"Organization","@id":"https:\/\/www.tascatierrasdelsur.com\/de\/#organization","name":"Tasca Tierras Del Sur","url":"https:\/\/www.tascatierrasdelsur.com\/de\/","logo":{"@type":"ImageObject","inLanguage":"de-DE","@id":"https:\/\/www.tascatierrasdelsur.com\/de\/#\/schema\/logo\/image\/","url":"https:\/\/www.tascatierrasdelsur.com\/wp-content\/uploads\/2020\/06\/logo-new4.png","contentUrl":"https:\/\/www.tascatierrasdelsur.com\/wp-content\/uploads\/2020\/06\/logo-new4.png","width":240,"height":107,"caption":"Tasca Tierras Del Sur"},"image":{"@id":"https:\/\/www.tascatierrasdelsur.com\/de\/#\/schema\/logo\/image\/"},"sameAs":["https:\/\/www.facebook.com\/tascatierrasdelsur"]},{"@type":"Person","@id":"https:\/\/www.tascatierrasdelsur.com\/de\/#\/schema\/person\/cfe8520648910d6bdbcb54c4bd5e4249","name":"Tierras Del Sur","image":{"@type":"ImageObject","inLanguage":"de-DE","@id":"https:\/\/www.tascatierrasdelsur.com\/de\/#\/schema\/person\/image\/","url":"https:\/\/secure.gravatar.com\/avatar\/c908edd061f311620bf6f72e1a62c736?s=96&d=mm&r=g","contentUrl":"https:\/\/secure.gravatar.com\/avatar\/c908edd061f311620bf6f72e1a62c736?s=96&d=mm&r=g","caption":"Tierras Del Sur"}}]}},"_links":{"self":[{"href":"https:\/\/www.tascatierrasdelsur.com\/de\/wp-json\/wp\/v2\/posts\/3223"}],"collection":[{"href":"https:\/\/www.tascatierrasdelsur.com\/de\/wp-json\/wp\/v2\/posts"}],"about":[{"href":"https:\/\/www.tascatierrasdelsur.com\/de\/wp-json\/wp\/v2\/types\/post"}],"author":[{"embeddable":true,"href":"https:\/\/www.tascatierrasdelsur.com\/de\/wp-json\/wp\/v2\/users\/2"}],"replies":[{"embeddable":true,"href":"https:\/\/www.tascatierrasdelsur.com\/de\/wp-json\/wp\/v2\/comments?post=3223"}],"version-history":[{"count":2,"href":"https:\/\/www.tascatierrasdelsur.com\/de\/wp-json\/wp\/v2\/posts\/3223\/revisions"}],"predecessor-version":[{"id":20592,"href":"https:\/\/www.tascatierrasdelsur.com\/de\/wp-json\/wp\/v2\/posts\/3223\/revisions\/20592"}],"wp:featuredmedia":[{"embeddable":true,"href":"https:\/\/www.tascatierrasdelsur.com\/de\/wp-json\/wp\/v2\/media\/20103"}],"wp:attachment":[{"href":"https:\/\/www.tascatierrasdelsur.com\/de\/wp-json\/wp\/v2\/media?parent=3223"}],"wp:term":[{"taxonomy":"category","embeddable":true,"href":"https:\/\/www.tascatierrasdelsur.com\/de\/wp-json\/wp\/v2\/categories?post=3223"},{"taxonomy":"post_tag","embeddable":true,"href":"https:\/\/www.tascatierrasdelsur.com\/de\/wp-json\/wp\/v2\/tags?post=3223"}],"curies":[{"name":"wp","href":"https:\/\/api.w.org\/{rel}","templated":true}]}}