{"id":18796,"date":"2014-02-10T23:21:58","date_gmt":"2014-02-10T23:21:58","guid":{"rendered":"http:\/\/localhost\/web\/?p=814"},"modified":"2014-02-10T23:21:58","modified_gmt":"2014-02-10T23:21:58","slug":"haben-sie-schon-unsere-tarte-tatin-probiert","status":"publish","type":"post","link":"https:\/\/www.tascatierrasdelsur.com\/de\/haben-sie-schon-unsere-tarte-tatin-probiert\/","title":{"rendered":"Haben Sie schon unsere Tarte Tat\u00edn probiert?"},"content":{"rendered":"<p><img loading=\"lazy\" decoding=\"async\" class=\"size-medium wp-image-1092 alignright\" alt=\"tarta-tatin-queso_1024x7115\" src=\"http:\/\/tascatierrasdelsur.com\/wp-content\/uploads\/2014\/02\/tarta-tatin-queso_1024x7115-300x208.jpg\" width=\"300\" height=\"208\" \/><\/p>\n<p style=\"text-align: justify;\">Was ist eine Tarte Tat\u00edn?\u00a0Der Legende nach soll die Tarte Tatin im 19. Jahrhundert von den betagten Schwestern Tatin aus\u00a0<a href=\"http:\/\/de.wikipedia.org\/w\/index.php?title=Lamotte-Beuvron&amp;action=edit&amp;redlink=1\">Lamotte-Beuvron<\/a>\u00a0in der\u00a0<a href=\"http:\/\/de.wikipedia.org\/wiki\/Sologne\">Sologne<\/a>\u00a0zuf\u00e4llig erfunden worden sein.Ein von den beiden Damen f\u00fcr ihre G\u00e4ste zubereiteter Apfelkuchen sei ihnen aus den H\u00e4nden auf die Apfelseite gefallen. Daraufhin h\u00e4tten sie ihn einfach mit der Fruchtseite nach unten wieder in die Form gelegt, mit frischem Teig bedeckt und noch einmal gebacken. Heutzutage gibt es die Tarte Tat\u00edn in vielen verschiedenen Varianten, sowohl s\u00fcss als auch herzhaft wie unsere Tarte Tat\u00edn von Ziegebk\u00e4se, Tomaten und Basilikum. Eines haben sie alle gemeinsam, alle werden mir der Unterseite nach oben gebacken.<\/p>\n","protected":false},"excerpt":{"rendered":"<p>Was ist eine Tarte Tat\u00edn?\u00a0Der Legende nach soll die Tarte Tatin im 19. Jahrhundert von den betagten Schwestern Tatin aus\u00a0Lamotte-Beuvron\u00a0in der\u00a0Sologne\u00a0zuf\u00e4llig erfunden worden sein.Ein von den beiden Damen f\u00fcr ihre G\u00e4ste zubereiteter Apfelkuchen sei ihnen aus den H\u00e4nden auf die Apfelseite gefallen. Daraufhin h\u00e4tten sie ihn einfach mit der Fruchtseite nach unten wieder in die Form gelegt, mit frischem Teig bedeckt und noch einmal gebacken. Heutzutage gibt es die Tarte Tat\u00edn in vielen verschiedenen Varianten, sowohl s\u00fcss als auch herzhaft wie unsere Tarte Tat\u00edn von Ziegebk\u00e4se, Tomaten und Basilikum. Eines haben sie alle gemeinsam, alle werden mir der Unterseite nach oben gebacken.<\/p>\n","protected":false},"author":2,"featured_media":1070,"comment_status":"open","ping_status":"open","sticky":false,"template":"","format":"standard","meta":{"footnotes":""},"categories":[],"tags":[],"yoast_head":"<!-- This site is optimized with the Yoast SEO plugin v23.5 - https:\/\/yoast.com\/wordpress\/plugins\/seo\/ -->\n<title>Haben Sie schon unsere Tarte Tat\u00edn probiert? - Tasca Tierras del Sur<\/title>\n<meta name=\"robots\" content=\"index, follow, max-snippet:-1, max-image-preview:large, max-video-preview:-1\" \/>\n<link rel=\"canonical\" href=\"https:\/\/www.tascatierrasdelsur.com\/de\/haben-sie-schon-unsere-tarte-tatin-probiert\/\" \/>\n<meta property=\"og:locale\" content=\"de_DE\" \/>\n<meta property=\"og:type\" content=\"article\" \/>\n<meta property=\"og:title\" content=\"Haben Sie schon unsere Tarte Tat\u00edn probiert? - Tasca Tierras del Sur\" \/>\n<meta property=\"og:description\" content=\"Was ist eine Tarte Tat\u00edn?\u00a0Der Legende nach soll die Tarte Tatin im 19. Jahrhundert von den betagten Schwestern Tatin aus\u00a0Lamotte-Beuvron\u00a0in der\u00a0Sologne\u00a0zuf\u00e4llig erfunden worden sein.Ein von den beiden Damen f\u00fcr ihre G\u00e4ste zubereiteter Apfelkuchen sei ihnen aus den H\u00e4nden auf die Apfelseite gefallen. Daraufhin h\u00e4tten sie ihn einfach mit der Fruchtseite nach unten wieder in die Form gelegt, mit frischem Teig bedeckt und noch einmal gebacken. Heutzutage gibt es die Tarte Tat\u00edn in vielen verschiedenen Varianten, sowohl s\u00fcss als auch herzhaft wie unsere Tarte Tat\u00edn von Ziegebk\u00e4se, Tomaten und Basilikum. Eines haben sie alle gemeinsam, alle werden mir der Unterseite nach oben gebacken.\" \/>\n<meta property=\"og:url\" content=\"https:\/\/www.tascatierrasdelsur.com\/de\/haben-sie-schon-unsere-tarte-tatin-probiert\/\" \/>\n<meta property=\"og:site_name\" content=\"Tasca Tierras del Sur\" \/>\n<meta property=\"article:publisher\" content=\"https:\/\/www.facebook.com\/tascatierrasdelsur\" \/>\n<meta property=\"article:published_time\" content=\"2014-02-10T23:21:58+00:00\" \/>\n<meta name=\"author\" content=\"Tierras Del Sur\" \/>\n<meta name=\"twitter:card\" content=\"summary_large_image\" \/>\n<meta name=\"twitter:label1\" content=\"Written by\" \/>\n\t<meta name=\"twitter:data1\" content=\"Tierras Del Sur\" \/>\n\t<meta name=\"twitter:label2\" content=\"Est. reading time\" \/>\n\t<meta name=\"twitter:data2\" content=\"1 minute\" \/>\n<script type=\"application\/ld+json\" class=\"yoast-schema-graph\">{\"@context\":\"https:\/\/schema.org\",\"@graph\":[{\"@type\":\"Article\",\"@id\":\"https:\/\/www.tascatierrasdelsur.com\/de\/haben-sie-schon-unsere-tarte-tatin-probiert\/#article\",\"isPartOf\":{\"@id\":\"https:\/\/www.tascatierrasdelsur.com\/de\/haben-sie-schon-unsere-tarte-tatin-probiert\/\"},\"author\":{\"name\":\"Tierras Del Sur\",\"@id\":\"https:\/\/www.tascatierrasdelsur.com\/de\/#\/schema\/person\/cfe8520648910d6bdbcb54c4bd5e4249\"},\"headline\":\"Haben Sie schon unsere Tarte Tat\u00edn probiert?\",\"datePublished\":\"2014-02-10T23:21:58+00:00\",\"dateModified\":\"2014-02-10T23:21:58+00:00\",\"mainEntityOfPage\":{\"@id\":\"https:\/\/www.tascatierrasdelsur.com\/de\/haben-sie-schon-unsere-tarte-tatin-probiert\/\"},\"wordCount\":125,\"commentCount\":0,\"publisher\":{\"@id\":\"https:\/\/www.tascatierrasdelsur.com\/de\/#organization\"},\"image\":{\"@id\":\"https:\/\/www.tascatierrasdelsur.com\/de\/haben-sie-schon-unsere-tarte-tatin-probiert\/#primaryimage\"},\"thumbnailUrl\":\"\",\"inLanguage\":\"de-DE\",\"potentialAction\":[{\"@type\":\"CommentAction\",\"name\":\"Comment\",\"target\":[\"https:\/\/www.tascatierrasdelsur.com\/de\/haben-sie-schon-unsere-tarte-tatin-probiert\/#respond\"]}]},{\"@type\":\"WebPage\",\"@id\":\"https:\/\/www.tascatierrasdelsur.com\/de\/haben-sie-schon-unsere-tarte-tatin-probiert\/\",\"url\":\"https:\/\/www.tascatierrasdelsur.com\/de\/haben-sie-schon-unsere-tarte-tatin-probiert\/\",\"name\":\"Haben Sie schon unsere Tarte Tat\u00edn probiert? - Tasca Tierras del Sur\",\"isPartOf\":{\"@id\":\"https:\/\/www.tascatierrasdelsur.com\/de\/#website\"},\"primaryImageOfPage\":{\"@id\":\"https:\/\/www.tascatierrasdelsur.com\/de\/haben-sie-schon-unsere-tarte-tatin-probiert\/#primaryimage\"},\"image\":{\"@id\":\"https:\/\/www.tascatierrasdelsur.com\/de\/haben-sie-schon-unsere-tarte-tatin-probiert\/#primaryimage\"},\"thumbnailUrl\":\"\",\"datePublished\":\"2014-02-10T23:21:58+00:00\",\"dateModified\":\"2014-02-10T23:21:58+00:00\",\"breadcrumb\":{\"@id\":\"https:\/\/www.tascatierrasdelsur.com\/de\/haben-sie-schon-unsere-tarte-tatin-probiert\/#breadcrumb\"},\"inLanguage\":\"de-DE\",\"potentialAction\":[{\"@type\":\"ReadAction\",\"target\":[\"https:\/\/www.tascatierrasdelsur.com\/de\/haben-sie-schon-unsere-tarte-tatin-probiert\/\"]}]},{\"@type\":\"ImageObject\",\"inLanguage\":\"de-DE\",\"@id\":\"https:\/\/www.tascatierrasdelsur.com\/de\/haben-sie-schon-unsere-tarte-tatin-probiert\/#primaryimage\",\"url\":\"\",\"contentUrl\":\"\"},{\"@type\":\"BreadcrumbList\",\"@id\":\"https:\/\/www.tascatierrasdelsur.com\/de\/haben-sie-schon-unsere-tarte-tatin-probiert\/#breadcrumb\",\"itemListElement\":[{\"@type\":\"ListItem\",\"position\":1,\"name\":\"Portada\",\"item\":\"https:\/\/www.tascatierrasdelsur.com\/de\/\"},{\"@type\":\"ListItem\",\"position\":2,\"name\":\"Haben Sie schon unsere Tarte Tat\u00edn probiert?\"}]},{\"@type\":\"WebSite\",\"@id\":\"https:\/\/www.tascatierrasdelsur.com\/de\/#website\",\"url\":\"https:\/\/www.tascatierrasdelsur.com\/de\/\",\"name\":\"Tasca Tierras del Sur\",\"description\":\"Granadilla\",\"publisher\":{\"@id\":\"https:\/\/www.tascatierrasdelsur.com\/de\/#organization\"},\"potentialAction\":[{\"@type\":\"SearchAction\",\"target\":{\"@type\":\"EntryPoint\",\"urlTemplate\":\"https:\/\/www.tascatierrasdelsur.com\/de\/?s={search_term_string}\"},\"query-input\":{\"@type\":\"PropertyValueSpecification\",\"valueRequired\":true,\"valueName\":\"search_term_string\"}}],\"inLanguage\":\"de-DE\"},{\"@type\":\"Organization\",\"@id\":\"https:\/\/www.tascatierrasdelsur.com\/de\/#organization\",\"name\":\"Tasca Tierras Del Sur\",\"url\":\"https:\/\/www.tascatierrasdelsur.com\/de\/\",\"logo\":{\"@type\":\"ImageObject\",\"inLanguage\":\"de-DE\",\"@id\":\"https:\/\/www.tascatierrasdelsur.com\/de\/#\/schema\/logo\/image\/\",\"url\":\"https:\/\/www.tascatierrasdelsur.com\/wp-content\/uploads\/2020\/06\/logo-new4.png\",\"contentUrl\":\"https:\/\/www.tascatierrasdelsur.com\/wp-content\/uploads\/2020\/06\/logo-new4.png\",\"width\":240,\"height\":107,\"caption\":\"Tasca Tierras Del Sur\"},\"image\":{\"@id\":\"https:\/\/www.tascatierrasdelsur.com\/de\/#\/schema\/logo\/image\/\"},\"sameAs\":[\"https:\/\/www.facebook.com\/tascatierrasdelsur\"]},{\"@type\":\"Person\",\"@id\":\"https:\/\/www.tascatierrasdelsur.com\/de\/#\/schema\/person\/cfe8520648910d6bdbcb54c4bd5e4249\",\"name\":\"Tierras Del Sur\",\"image\":{\"@type\":\"ImageObject\",\"inLanguage\":\"de-DE\",\"@id\":\"https:\/\/www.tascatierrasdelsur.com\/de\/#\/schema\/person\/image\/\",\"url\":\"https:\/\/secure.gravatar.com\/avatar\/c908edd061f311620bf6f72e1a62c736?s=96&d=mm&r=g\",\"contentUrl\":\"https:\/\/secure.gravatar.com\/avatar\/c908edd061f311620bf6f72e1a62c736?s=96&d=mm&r=g\",\"caption\":\"Tierras Del Sur\"}}]}<\/script>\n<!-- \/ Yoast SEO plugin. -->","yoast_head_json":{"title":"Haben Sie schon unsere Tarte Tat\u00edn probiert? - Tasca Tierras del Sur","robots":{"index":"index","follow":"follow","max-snippet":"max-snippet:-1","max-image-preview":"max-image-preview:large","max-video-preview":"max-video-preview:-1"},"canonical":"https:\/\/www.tascatierrasdelsur.com\/de\/haben-sie-schon-unsere-tarte-tatin-probiert\/","og_locale":"de_DE","og_type":"article","og_title":"Haben Sie schon unsere Tarte Tat\u00edn probiert? - Tasca Tierras del Sur","og_description":"Was ist eine Tarte Tat\u00edn?\u00a0Der Legende nach soll die Tarte Tatin im 19. Jahrhundert von den betagten Schwestern Tatin aus\u00a0Lamotte-Beuvron\u00a0in der\u00a0Sologne\u00a0zuf\u00e4llig erfunden worden sein.Ein von den beiden Damen f\u00fcr ihre G\u00e4ste zubereiteter Apfelkuchen sei ihnen aus den H\u00e4nden auf die Apfelseite gefallen. Daraufhin h\u00e4tten sie ihn einfach mit der Fruchtseite nach unten wieder in die Form gelegt, mit frischem Teig bedeckt und noch einmal gebacken. Heutzutage gibt es die Tarte Tat\u00edn in vielen verschiedenen Varianten, sowohl s\u00fcss als auch herzhaft wie unsere Tarte Tat\u00edn von Ziegebk\u00e4se, Tomaten und Basilikum. Eines haben sie alle gemeinsam, alle werden mir der Unterseite nach oben gebacken.","og_url":"https:\/\/www.tascatierrasdelsur.com\/de\/haben-sie-schon-unsere-tarte-tatin-probiert\/","og_site_name":"Tasca Tierras del Sur","article_publisher":"https:\/\/www.facebook.com\/tascatierrasdelsur","article_published_time":"2014-02-10T23:21:58+00:00","author":"Tierras Del Sur","twitter_card":"summary_large_image","twitter_misc":{"Written by":"Tierras Del Sur","Est. reading time":"1 minute"},"schema":{"@context":"https:\/\/schema.org","@graph":[{"@type":"Article","@id":"https:\/\/www.tascatierrasdelsur.com\/de\/haben-sie-schon-unsere-tarte-tatin-probiert\/#article","isPartOf":{"@id":"https:\/\/www.tascatierrasdelsur.com\/de\/haben-sie-schon-unsere-tarte-tatin-probiert\/"},"author":{"name":"Tierras Del Sur","@id":"https:\/\/www.tascatierrasdelsur.com\/de\/#\/schema\/person\/cfe8520648910d6bdbcb54c4bd5e4249"},"headline":"Haben Sie schon unsere Tarte Tat\u00edn probiert?","datePublished":"2014-02-10T23:21:58+00:00","dateModified":"2014-02-10T23:21:58+00:00","mainEntityOfPage":{"@id":"https:\/\/www.tascatierrasdelsur.com\/de\/haben-sie-schon-unsere-tarte-tatin-probiert\/"},"wordCount":125,"commentCount":0,"publisher":{"@id":"https:\/\/www.tascatierrasdelsur.com\/de\/#organization"},"image":{"@id":"https:\/\/www.tascatierrasdelsur.com\/de\/haben-sie-schon-unsere-tarte-tatin-probiert\/#primaryimage"},"thumbnailUrl":"","inLanguage":"de-DE","potentialAction":[{"@type":"CommentAction","name":"Comment","target":["https:\/\/www.tascatierrasdelsur.com\/de\/haben-sie-schon-unsere-tarte-tatin-probiert\/#respond"]}]},{"@type":"WebPage","@id":"https:\/\/www.tascatierrasdelsur.com\/de\/haben-sie-schon-unsere-tarte-tatin-probiert\/","url":"https:\/\/www.tascatierrasdelsur.com\/de\/haben-sie-schon-unsere-tarte-tatin-probiert\/","name":"Haben Sie schon unsere Tarte Tat\u00edn probiert? - Tasca Tierras del Sur","isPartOf":{"@id":"https:\/\/www.tascatierrasdelsur.com\/de\/#website"},"primaryImageOfPage":{"@id":"https:\/\/www.tascatierrasdelsur.com\/de\/haben-sie-schon-unsere-tarte-tatin-probiert\/#primaryimage"},"image":{"@id":"https:\/\/www.tascatierrasdelsur.com\/de\/haben-sie-schon-unsere-tarte-tatin-probiert\/#primaryimage"},"thumbnailUrl":"","datePublished":"2014-02-10T23:21:58+00:00","dateModified":"2014-02-10T23:21:58+00:00","breadcrumb":{"@id":"https:\/\/www.tascatierrasdelsur.com\/de\/haben-sie-schon-unsere-tarte-tatin-probiert\/#breadcrumb"},"inLanguage":"de-DE","potentialAction":[{"@type":"ReadAction","target":["https:\/\/www.tascatierrasdelsur.com\/de\/haben-sie-schon-unsere-tarte-tatin-probiert\/"]}]},{"@type":"ImageObject","inLanguage":"de-DE","@id":"https:\/\/www.tascatierrasdelsur.com\/de\/haben-sie-schon-unsere-tarte-tatin-probiert\/#primaryimage","url":"","contentUrl":""},{"@type":"BreadcrumbList","@id":"https:\/\/www.tascatierrasdelsur.com\/de\/haben-sie-schon-unsere-tarte-tatin-probiert\/#breadcrumb","itemListElement":[{"@type":"ListItem","position":1,"name":"Portada","item":"https:\/\/www.tascatierrasdelsur.com\/de\/"},{"@type":"ListItem","position":2,"name":"Haben Sie schon unsere Tarte Tat\u00edn probiert?"}]},{"@type":"WebSite","@id":"https:\/\/www.tascatierrasdelsur.com\/de\/#website","url":"https:\/\/www.tascatierrasdelsur.com\/de\/","name":"Tasca Tierras del Sur","description":"Granadilla","publisher":{"@id":"https:\/\/www.tascatierrasdelsur.com\/de\/#organization"},"potentialAction":[{"@type":"SearchAction","target":{"@type":"EntryPoint","urlTemplate":"https:\/\/www.tascatierrasdelsur.com\/de\/?s={search_term_string}"},"query-input":{"@type":"PropertyValueSpecification","valueRequired":true,"valueName":"search_term_string"}}],"inLanguage":"de-DE"},{"@type":"Organization","@id":"https:\/\/www.tascatierrasdelsur.com\/de\/#organization","name":"Tasca Tierras Del Sur","url":"https:\/\/www.tascatierrasdelsur.com\/de\/","logo":{"@type":"ImageObject","inLanguage":"de-DE","@id":"https:\/\/www.tascatierrasdelsur.com\/de\/#\/schema\/logo\/image\/","url":"https:\/\/www.tascatierrasdelsur.com\/wp-content\/uploads\/2020\/06\/logo-new4.png","contentUrl":"https:\/\/www.tascatierrasdelsur.com\/wp-content\/uploads\/2020\/06\/logo-new4.png","width":240,"height":107,"caption":"Tasca Tierras Del Sur"},"image":{"@id":"https:\/\/www.tascatierrasdelsur.com\/de\/#\/schema\/logo\/image\/"},"sameAs":["https:\/\/www.facebook.com\/tascatierrasdelsur"]},{"@type":"Person","@id":"https:\/\/www.tascatierrasdelsur.com\/de\/#\/schema\/person\/cfe8520648910d6bdbcb54c4bd5e4249","name":"Tierras Del Sur","image":{"@type":"ImageObject","inLanguage":"de-DE","@id":"https:\/\/www.tascatierrasdelsur.com\/de\/#\/schema\/person\/image\/","url":"https:\/\/secure.gravatar.com\/avatar\/c908edd061f311620bf6f72e1a62c736?s=96&d=mm&r=g","contentUrl":"https:\/\/secure.gravatar.com\/avatar\/c908edd061f311620bf6f72e1a62c736?s=96&d=mm&r=g","caption":"Tierras Del Sur"}}]}},"_links":{"self":[{"href":"https:\/\/www.tascatierrasdelsur.com\/de\/wp-json\/wp\/v2\/posts\/18796"}],"collection":[{"href":"https:\/\/www.tascatierrasdelsur.com\/de\/wp-json\/wp\/v2\/posts"}],"about":[{"href":"https:\/\/www.tascatierrasdelsur.com\/de\/wp-json\/wp\/v2\/types\/post"}],"author":[{"embeddable":true,"href":"https:\/\/www.tascatierrasdelsur.com\/de\/wp-json\/wp\/v2\/users\/2"}],"replies":[{"embeddable":true,"href":"https:\/\/www.tascatierrasdelsur.com\/de\/wp-json\/wp\/v2\/comments?post=18796"}],"version-history":[{"count":0,"href":"https:\/\/www.tascatierrasdelsur.com\/de\/wp-json\/wp\/v2\/posts\/18796\/revisions"}],"wp:featuredmedia":[{"embeddable":true,"href":"https:\/\/www.tascatierrasdelsur.com\/de\/wp-json\/"}],"wp:attachment":[{"href":"https:\/\/www.tascatierrasdelsur.com\/de\/wp-json\/wp\/v2\/media?parent=18796"}],"wp:term":[{"taxonomy":"category","embeddable":true,"href":"https:\/\/www.tascatierrasdelsur.com\/de\/wp-json\/wp\/v2\/categories?post=18796"},{"taxonomy":"post_tag","embeddable":true,"href":"https:\/\/www.tascatierrasdelsur.com\/de\/wp-json\/wp\/v2\/tags?post=18796"}],"curies":[{"name":"wp","href":"https:\/\/api.w.org\/{rel}","templated":true}]}}